{"id":512,"date":"2018-04-16T05:22:25","date_gmt":"2018-04-16T05:22:25","guid":{"rendered":"http:\/\/ageinbalance.com\/wp\/?p=512"},"modified":"2018-04-16T05:22:25","modified_gmt":"2018-04-16T05:22:25","slug":"destroyed-jeans-modetrend-kulturphaenomen-oder-einfach-nur-stillos","status":"publish","type":"post","link":"http:\/\/ageinbalance.com\/wp\/?p=512","title":{"rendered":"\u201eDESTROYED JEANS\u201c\u00a0&#8211; Modetrend, Kulturph\u00e4nomen oder einfach nur stillos?"},"content":{"rendered":"<p>Haben Sie auch eine \u201ezerrissene Jeans\u201c im Schrank? Entweder billig bei H+M oder ZARA gekauft oder teuer bei einem edlen Designer? Oder haben Sie etwa Ihrer alten Lieblingsjeans den \u201eIn-Look\u201c verpasst und am Knie oder anderen Stellen selbst die L\u00f6cher reingeschnitten?<\/p>\n<p>Viele hatten ja gehofft, dass dieser Modetrend schnell vorbei ist und die pubert\u00e4re Gammelphase, die selbst die Erwachsenen erfasst, ihren H\u00f6hepunkt \u00fcberschritten hat. \u00a0Aber denkste, es wird immer schlimmer. Vielleicht ist es ja auch mehr als nur ein Modetrend und wir haben es mit einer weiteren Phase kultureller Entwicklung \u00a0zu tun?<\/p>\n<p>Wenn Jugendliche auf diese Weise ihren Protest zeigen oder sich als Symbol einer Rebellion bewusst von der Welt der Erwachsenen und Etablierten abgrenzen wollen, kann man das ja noch verstehen. Ich kann mich noch gut daran erinnern, wie ich in meiner Jugend am liebsten meinen gr\u00fcnen Army-Parka mit US-Flagge anhatte und damit meinen Vater zur Wei\u00dfglut trieb.<\/p>\n<p>Aber mittlerweile folgen ja M\u00e4nner und Frauen aller Altersgruppen \u2013 bis hinauf zu den Rentnern \u2013 diesem \u00e4rmlichen Trend und \u201eJugendwahn\u201c und rennen gewollt l\u00e4ssig mit ihren kaputten Jeans im \u201eAsi-Look\u201c durch die Stadt. Oder sie gehen stolz und v\u00f6llig schamlos damit beim \u201eEdelitaliener\u201c zum Essen; selbst ein Klassikkonzert in der Oper ist vor ihnen nicht sicher. Und dabei finden sie sich noch hip und overcool. Das macht mich echt sprachlos und ratlos.<\/p>\n<p>Was geht da ab? Was denken sich die Leute dabei? Stellt sich bei Ihnen dann tats\u00e4chlich ein Gef\u00fchl von Freiheit, Sportlichkeit, Unabh\u00e4ngigkeit, Jugendlichkeit und Coolness ein, so wie es die cleveren Werbefuzzis versprechen?<\/p>\n<p>Nat\u00fcrlich haben es uns die sogenannten Stars, Sternchen, Streetstyler und neuerdings auch \u201eInfluencer\u201c vorgemacht. Dass Till Schweiger eine und Heidi Klum und Madonna mit Sicherheit mehrere zerrissene Hosen im Schrank haben, wundert mich nicht. Und dass auch Comedians, Musiker, und andere Lebensk\u00fcnstler sich damit zeigen, geh\u00f6rt wohl zum Leben eines Bohemien dazu.<\/p>\n<p>&nbsp;<\/p>\n<p>Aber mittlerweile hat diese Seuche alle Schichten der Gesellschaft infiziert. Egal ob Manager, \u00c4rzte, Beamte, Handwerker, Angestellte, in nahezu allen T\u00e4tigkeitsfeldern\u00a0 laufen M\u00e4nner und Frauen nicht nur privat, sondern zum Teil auch gesch\u00e4ftlich mit zerrissenen Jeans durch die Gegend bzw. durch die B\u00fcros. Offensichtlich haben \u00a0Arm und Reich in diesem kulturbefreiten Outfit einen gemeinsamen Ausdruck ihres Lebensgef\u00fchls gefunden. Da bin ich wirklich fassungslos.<\/p>\n<p>Der Gipfel dieser \u201eBekleidungs-Anarchie\u201c schien mir neulich erreicht, als unsere sonst so seri\u00f6s und stilvoll gekleidete Tagesschausprecherin Judith R. den Talkshowklassiker 3nach9 mit kunstvollem Knieschnitt in ihrer Jeans\u00a0 moderierte. Das hat mich ersch\u00fcttert; das h\u00e4tte ich nicht von Judith gedacht.<\/p>\n<p>Die Textilbranche freut sich, macht riesige Gesch\u00e4fte und die Marketingexperten finden immer neue Begriffe f\u00fcr diesen Schwachsinn. <em>\u201eNat\u00fcrlicher kaputter Look\u201c, \u201eVerschlissene Sch\u00f6nheit\u201c, \u201eL\u00e4ssiger Look in zerst\u00f6rter Optik\u201c <\/em>etc. Die renommierte Modezeitschrift \u201eELLE\u201c hat dazu extra einen Styleguide herausgegeben: \u201e 5 Gebote f\u00fcr den Weg zu einer perfekt \u00a0zerrissenen Jeans\u201c. Und fast alle bekannten Modemarken h\u00e4ngen sich an den Trend des \u201eUnconventional Dressing\u201c dran und versuchen damit Umsatz zu machen. Bei DOLCE &amp; GABBANA gibt es im Ausverkauf die \u201eDestroyed Jeans\u201c, \u00a0die eigentlich nur noch aus Fetzen besteht, schon f\u00fcr unter 200 EUR. Ist das nicht super?<\/p>\n<p>Und so richtig l\u00e4ssig wirkt die zerfranste Gammeljeans, wenn sie durch \u00a0\u201efette\u201c Accessoires geadelt wird, zum Beispiel mit der Tasche von PRADA, den Schuhen von MANOLO BLAHNIK, dem Shopper von FENDI, der Kette von POMELLATO oder der Uhr von BREITLING oder ROLEX. Echt Geil!<\/p>\n<p>Der hippste Trend ist jetzt die \u201eUnderbutt-Jeans\u201c, hier werden die Schnitte ganz kunstvoll knapp unter dem Ges\u00e4\u00df angebracht, um auch diesem wertvollen K\u00f6rperteil die notwendige Aufmerksamkeit zu geben. Da bekommt\u00a0 doch der Ausdruck\u00a0 \u201edas geht mir am Arsch vorbei\u201c tats\u00e4chlich eine ganz neue Bedeutung.<\/p>\n<p>Aber jetzt mal ernsthaft. \u00a0Wenn sich eine hochentwickelte \u00dcberflussgesellschaft\u00a0 auf diese absurde Weise optisch pr\u00e4sentiert, dann mag das zwar kulturell interessant sein, aber vor allem sollte man sich fragen, ob hier nicht ein gest\u00f6rtes Verh\u00e4ltnis zu den \u201eklassischen\u201c \u00a0Werten und Tugenden wie Geschmack, Stil, W\u00fcrde, Respekt und Ordentlichkeit vorliegt.<\/p>\n<p>Wer schon einmal in den armen L\u00e4ndern der Dritten Welt unterwegs war, wird dort festgestellt haben, dass saubere, ordentliche Kleidung zu den ganz wichtigen Dingen des t\u00e4glichen Lebens geh\u00f6rt. Die Menschen dort, die nichts oder wenig haben, achten sehr auf ihr \u00c4u\u00dferes und sie w\u00fcrden sich sch\u00e4men, so ungepflegt \u00a0und gammelig durch die Gegend zu laufen, wie wir es heute vielfach in unseren St\u00e4dten beobachten k\u00f6nnen.<\/p>\n<p>Den Trend der Destroyed Jeans kann man durchaus auch als Zeichen einer zunehmenden Armuts- und Sozialverachtung werten, obwohl sich die meisten dieser freiz\u00fcgigen Jeanstr\u00e4ger dar\u00fcber mit Sicherheit keine Gedanken machen.<\/p>\n<p>Aber wie schon der Name \u201eDestroyed\u201c sagt, ist da etwas zerst\u00f6rt oder zumindest nachhaltig gest\u00f6rt, n\u00e4mlich das Gef\u00fchl daf\u00fcr, dass es einfach stillos, unw\u00fcrdig, respektlos und auch d\u00e4mlich ist, mit bewusst zerrissenen Hosen und neuerdings auch l\u00f6chrigen Jacken durch die Gegend zu laufen und daf\u00fcr noch Geld zu bezahlen. Wer glaubt, damit Akzente zu setzen und ein Image von L\u00e4ssigkeit, \u00dcberlegenheit und Unabh\u00e4ngigkeit \u00a0zu vermitteln, hat aus meiner Sicht das richtige Gesp\u00fcr f\u00fcr sich und seine Umwelt verloren. Frei nach Karl Lagerfeld,\u00a0 der schon beim Tragen einer Jogginghose bef\u00fcrchtet, dass man dann die Kontrolle \u00fcber sein Leben verloren hat.<\/p>\n<p>Ich halte mich an den Spruch: <em>\u201eAn den Federn erkennt man den Vogel\u201c,<\/em> und ich werde auf keinen Fall meine geliebte alte LEVIS bewusst zerst\u00f6ren und L\u00f6cher reinschneiden. Es freut mich, dass sie mir nach all den Jahren noch passt und cool und gepflegt aussieht.<\/p>\n","protected":false},"excerpt":{"rendered":"<p>Haben Sie auch eine \u201ezerrissene Jeans\u201c im Schrank? Entweder billig bei H+M oder ZARA gekauft oder teuer bei einem edlen Designer? Oder haben Sie etwa Ihrer alten Lieblingsjeans den \u201eIn-Look\u201c verpasst und am Knie oder anderen Stellen selbst die L\u00f6cher reingeschnitten? Viele hatten ja gehofft, dass dieser Modetrend schnell vorbei ist und die pubert\u00e4re Gammelphase, [&hellip;]<\/p>\n","protected":false},"author":1,"featured_media":496,"comment_status":"open","ping_status":"open","sticky":false,"template":"","format":"standard","meta":{"footnotes":""},"categories":[1],"tags":[],"class_list":["post-512","post","type-post","status-publish","format-standard","has-post-thumbnail","hentry","category-allgemein"],"_links":{"self":[{"href":"http:\/\/ageinbalance.com\/wp\/index.php?rest_route=\/wp\/v2\/posts\/512","targetHints":{"allow":["GET"]}}],"collection":[{"href":"http:\/\/ageinbalance.com\/wp\/index.php?rest_route=\/wp\/v2\/posts"}],"about":[{"href":"http:\/\/ageinbalance.com\/wp\/index.php?rest_route=\/wp\/v2\/types\/post"}],"author":[{"embeddable":true,"href":"http:\/\/ageinbalance.com\/wp\/index.php?rest_route=\/wp\/v2\/users\/1"}],"replies":[{"embeddable":true,"href":"http:\/\/ageinbalance.com\/wp\/index.php?rest_route=%2Fwp%2Fv2%2Fcomments&post=512"}],"version-history":[{"count":0,"href":"http:\/\/ageinbalance.com\/wp\/index.php?rest_route=\/wp\/v2\/posts\/512\/revisions"}],"wp:featuredmedia":[{"embeddable":true,"href":"http:\/\/ageinbalance.com\/wp\/index.php?rest_route=\/wp\/v2\/media\/496"}],"wp:attachment":[{"href":"http:\/\/ageinbalance.com\/wp\/index.php?rest_route=%2Fwp%2Fv2%2Fmedia&parent=512"}],"wp:term":[{"taxonomy":"category","embeddable":true,"href":"http:\/\/ageinbalance.com\/wp\/index.php?rest_route=%2Fwp%2Fv2%2Fcategories&post=512"},{"taxonomy":"post_tag","embeddable":true,"href":"http:\/\/ageinbalance.com\/wp\/index.php?rest_route=%2Fwp%2Fv2%2Ftags&post=512"}],"curies":[{"name":"wp","href":"https:\/\/api.w.org\/{rel}","templated":true}]}}